{"id":1102,"date":"2015-12-30T12:48:42","date_gmt":"2015-12-30T12:48:42","guid":{"rendered":"https:\/\/www.addlance.com\/blog\/?p=1102"},"modified":"2021-02-17T23:36:07","modified_gmt":"2021-02-17T22:36:07","slug":"italiano-partite-iva-regime-forfettario-dal-2016","status":"publish","type":"post","link":"https:\/\/www.addlance.com\/blog\/italiano-partite-iva-regime-forfettario-dal-2016\/","title":{"rendered":"Partite IVA: Regime Forfettario dal 2016"},"content":{"rendered":"<p><img loading=\"lazy\" decoding=\"async\" class=\"size-medium wp-image-4864 alignright\" src=\"https:\/\/www.addlance.com\/blog\/wp-content\/uploads\/2018\/09\/flat-tax-partita-iva-300x200.jpg\" alt=\"partita iva flat tax\" width=\"300\" height=\"200\" srcset=\"https:\/\/www.addlance.com\/blog\/wp-content\/uploads\/2018\/09\/flat-tax-partita-iva-300x200.jpg 300w, https:\/\/www.addlance.com\/blog\/wp-content\/uploads\/2018\/09\/flat-tax-partita-iva-1024x683.jpg 1024w, https:\/\/www.addlance.com\/blog\/wp-content\/uploads\/2018\/09\/flat-tax-partita-iva-768x512.jpg 768w, https:\/\/www.addlance.com\/blog\/wp-content\/uploads\/2018\/09\/flat-tax-partita-iva-1536x1024.jpg 1536w, https:\/\/www.addlance.com\/blog\/wp-content\/uploads\/2018\/09\/flat-tax-partita-iva-610x407.jpg 610w, https:\/\/www.addlance.com\/blog\/wp-content\/uploads\/2018\/09\/flat-tax-partita-iva-1080x720.jpg 1080w, https:\/\/www.addlance.com\/blog\/wp-content\/uploads\/2018\/09\/flat-tax-partita-iva.jpg 1920w\" sizes=\"(max-width: 300px) 100vw, 300px\" \/><\/p>\n<p>Cambiano le regole per chi lavora a partita IVA: dal primo gennaio 2016 va in pensione il regime dei minimi. Chi \u00e8 gi\u00e0 nel regime dei minimi potr\u00e0 tenere questa agevolazione fino al 35\u00b0 anno di et\u00e0 ma chi si accinge ora ad aprire la partita IVA si deve attenere alle nuove direttive presenti nella legge di stabilit\u00e0 2016 approvata da poco. Elenchiamo qui tutte le novit\u00e0.<\/p>\n<p>Il regime dei minimi era stato pensato per agevolare l\u2019imprenditorialit\u00e0 giovanile venendo incontro a chi si accinge a diventare un professionista autonomo l\u00e0 dove le difficolt\u00e0 sono maggiori: all\u2019inizio del percorso dove bisogna costruirsi una reputazione e una base di clienti.<\/p>\n<p>Tale regime viene sostituito da quello forfettario.<!--more--><\/p>\n<p>Di seguito le condizioni e i requisiti previsti per l\u2019adesione al nuovo regime:<br \/>\n\u2022 non aver conseguito ricavi o compensi superiori ai limiti indicati dal codice ATECO presenti nell\u2019allegato della Legge di Stabilit\u00e0 2016;<br \/>\n\u2022 non aver superato i 20.000 euro di costi lordi per ammortamento di beni strumentali.<br \/>\n\u2022 aver sostenuto spese per collaboratori inferiori a 5.000 euro lordi;<br \/>\nSono esclusi, invece, i professionisti che si trovano nelle seguenti condizioni:<br \/>\n\u2022 regimi speciali IVA o regime forfetari per la determinazione del reddito;<br \/>\n\u2022 contribuenti che come attivit\u00e0 abituale effettuano compravendita di fabbricati, terreni edificabili, mezzi di trasporto.<br \/>\n\u2022 contribuenti non residenti, salvo che non si produca almeno il 75% del reddito in Italia e si fornisca una dettagliata documentazione;<\/p>\n<p>Fatturato e tassazione<\/p>\n<p>Si chiama regime forfettario perch\u00e9 si applica un coefficiente correttivo in base al fatturato ed al codice ATECO: \u00e8 il codice che specifica il tipo di attivit\u00e0 esercitata. Qui l\u2019elenco delle attivit\u00e0 con coefficienti e limiti di fatturato per beneficiare del regime:<\/p>\n<p>-Industrie alimentari e delle bevande: coefficiente redditivit\u00e0 \u00e8 il 40% limite ricavi\/fatturato 45.000 euro;<br \/>\n-Commercio all\u2019ingrosso e al dettaglio: limite ricavi\/fatturato \u00e8 50.000 con coefficiente di redditivit\u00e0 al 40%;<br \/>\n-Commercio ambulante di prodotti alimentari e bevande: limite fatturato\/ricavi 40.000 e coefficiente di redditivit\u00e0 al 40%;<br \/>\n-Commercio ambulante di altri prodotti: limite fatturato\/ricavi 30.000 e coefficiente di redditivit\u00e0 al 54%;<br \/>\n-Costruzioni e attivit\u00e0 immobiliari: limite fatturato\/ricavi 25.000 e coefficiente di redditivit\u00e0 all\u2019 86%;<br \/>\n-Intermediari del commercio: limite fatturato\/ricavi 25.000 e coefficiente di redditivit\u00e0 al 62%;<br \/>\n-Attivit\u00e0 dei servizi di alloggio e di ristorazione: limite fatturato\/ricavi 50.000 e coefficiente di redditivit\u00e0 al 40%;<br \/>\n-Attivit\u00e0 professionali, scientifiche, tecniche, sanitarie, di istruzione, servizi finanziari ed assicurativi: limite fatturato\/ricavi 30.000 euro e coefficiente di redditivit\u00e0 al 78%;<br \/>\n-Altre attivit\u00e0 economiche: limite fatturato\/ricavi 30.000 euro e coefficiente di redditivit\u00e0 al 67%.<\/p>\n<p>La tassazione per il regime forfettario prevede un aliquota del 5% per i primi 5 anni per poi salire al 15%. L\u2019imposta sostitutiva \u00e8 l\u2019unico contributo dovuto e sostituisce IRES e IRAP cosi come l\u2019IVA che non \u00e8 dovuta.<\/p>\n<p>Contributi pensionistici<\/p>\n<p>I contributi previdenziali per il nuovo regime sono anch\u2019essi agevolati in quanto bisogner\u00e0 versare solo il 35% dei contributi minimi di chi \u00e8 iscritto alla gestione INPS di artigiani e commercianti pi\u00f9 per\u00f2 una quota proporzionale al reddito calcolato come forfettario. Il vantaggio sta nella riduzione dell\u2019esborso ma l\u2019altra faccia della medaglia comporta un minor accumulo di contributi per il montante pensionistico e quindi una pensione presumibilmente pi\u00f9 bassa.<\/p>\n","protected":false},"excerpt":{"rendered":"<p>Cambiano le regole per chi lavora a partita IVA: dal primo gennaio 2016 va in pensione il regime dei minimi. Chi \u00e8 gi\u00e0 nel regime dei minimi potr\u00e0 tenere questa agevolazione fino al 35\u00b0 anno di et\u00e0 ma chi si accinge ora ad aprire la partita IVA si deve attenere alle nuove direttive presenti nella [&hellip;]<\/p>\n","protected":false},"author":13,"featured_media":1103,"comment_status":"open","ping_status":"open","sticky":false,"template":"","format":"standard","meta":{"_et_pb_use_builder":"","_et_pb_old_content":"","_et_gb_content_width":"","footnotes":""},"categories":[11],"tags":[],"class_list":["post-1102","post","type-post","status-publish","format-standard","has-post-thumbnail","hentry","category-notizie"],"yoast_head":"<!-- This site is optimized with the Yoast SEO plugin v27.3 - https:\/\/yoast.com\/product\/yoast-seo-wordpress\/ -->\n<title>Partite IVA: regime forfettario dal 2016 | AddLance Blog Caf\u00e9<\/title>\n<meta name=\"description\" content=\"Cambiano le regole per chi lavora a partita IVA: dal primo gennaio 2016 va in pensione il regime dei minimi e si introduce il regime forfettario.\" \/>\n<meta name=\"robots\" content=\"index, follow, max-snippet:-1, max-image-preview:large, max-video-preview:-1\" \/>\n<link rel=\"canonical\" href=\"https:\/\/www.addlance.com\/blog\/italiano-partite-iva-regime-forfettario-dal-2016\/\" \/>\n<meta property=\"og:locale\" content=\"it_IT\" \/>\n<meta property=\"og:type\" content=\"article\" \/>\n<meta property=\"og:title\" content=\"Partite IVA: regime forfettario dal 2016 | AddLance Blog Caf\u00e9\" \/>\n<meta property=\"og:description\" content=\"Cambiano le regole per chi lavora a partita IVA: dal primo gennaio 2016 va in pensione il regime dei minimi e si introduce il regime forfettario.\" \/>\n<meta property=\"og:url\" content=\"https:\/\/www.addlance.com\/blog\/italiano-partite-iva-regime-forfettario-dal-2016\/\" \/>\n<meta property=\"og:site_name\" content=\"AddLance Blog Caf\u00e9\" \/>\n<meta property=\"article:published_time\" content=\"2015-12-30T12:48:42+00:00\" \/>\n<meta property=\"article:modified_time\" content=\"2021-02-17T22:36:07+00:00\" \/>\n<meta property=\"og:image\" content=\"https:\/\/www.addlance.com\/blog\/wp-content\/uploads\/2015\/12\/euro-870757_1280.jpg\" \/>\n\t<meta property=\"og:image:width\" content=\"1280\" \/>\n\t<meta property=\"og:image:height\" content=\"853\" \/>\n\t<meta property=\"og:image:type\" content=\"image\/jpeg\" \/>\n<meta name=\"author\" content=\"Redazione Blog\" \/>\n<meta name=\"twitter:card\" content=\"summary_large_image\" \/>\n<meta name=\"twitter:label1\" content=\"Scritto da\" \/>\n\t<meta name=\"twitter:data1\" content=\"Redazione Blog\" \/>\n\t<meta name=\"twitter:label2\" content=\"Tempo di lettura stimato\" \/>\n\t<meta name=\"twitter:data2\" content=\"3 minuti\" \/>\n<script type=\"application\/ld+json\" class=\"yoast-schema-graph\">{\"@context\":\"https:\\\/\\\/schema.org\",\"@graph\":[{\"@type\":\"Article\",\"@id\":\"https:\\\/\\\/www.addlance.com\\\/blog\\\/italiano-partite-iva-regime-forfettario-dal-2016\\\/#article\",\"isPartOf\":{\"@id\":\"https:\\\/\\\/www.addlance.com\\\/blog\\\/italiano-partite-iva-regime-forfettario-dal-2016\\\/\"},\"author\":{\"name\":\"Redazione Blog\",\"@id\":\"https:\\\/\\\/www.addlance.com\\\/blog\\\/#\\\/schema\\\/person\\\/4597034ccbb078c736b6f39a65d79650\"},\"headline\":\"Partite IVA: Regime Forfettario dal 2016\",\"datePublished\":\"2015-12-30T12:48:42+00:00\",\"dateModified\":\"2021-02-17T22:36:07+00:00\",\"mainEntityOfPage\":{\"@id\":\"https:\\\/\\\/www.addlance.com\\\/blog\\\/italiano-partite-iva-regime-forfettario-dal-2016\\\/\"},\"wordCount\":509,\"commentCount\":0,\"image\":{\"@id\":\"https:\\\/\\\/www.addlance.com\\\/blog\\\/italiano-partite-iva-regime-forfettario-dal-2016\\\/#primaryimage\"},\"thumbnailUrl\":\"https:\\\/\\\/www.addlance.com\\\/blog\\\/wp-content\\\/uploads\\\/2015\\\/12\\\/euro-870757_1280.jpg\",\"articleSection\":[\"Notizie\"],\"inLanguage\":\"it-IT\",\"potentialAction\":[{\"@type\":\"CommentAction\",\"name\":\"Comment\",\"target\":[\"https:\\\/\\\/www.addlance.com\\\/blog\\\/italiano-partite-iva-regime-forfettario-dal-2016\\\/#respond\"]}]},{\"@type\":\"WebPage\",\"@id\":\"https:\\\/\\\/www.addlance.com\\\/blog\\\/italiano-partite-iva-regime-forfettario-dal-2016\\\/\",\"url\":\"https:\\\/\\\/www.addlance.com\\\/blog\\\/italiano-partite-iva-regime-forfettario-dal-2016\\\/\",\"name\":\"Partite IVA: regime forfettario dal 2016 | AddLance Blog Caf\u00e9\",\"isPartOf\":{\"@id\":\"https:\\\/\\\/www.addlance.com\\\/blog\\\/#website\"},\"primaryImageOfPage\":{\"@id\":\"https:\\\/\\\/www.addlance.com\\\/blog\\\/italiano-partite-iva-regime-forfettario-dal-2016\\\/#primaryimage\"},\"image\":{\"@id\":\"https:\\\/\\\/www.addlance.com\\\/blog\\\/italiano-partite-iva-regime-forfettario-dal-2016\\\/#primaryimage\"},\"thumbnailUrl\":\"https:\\\/\\\/www.addlance.com\\\/blog\\\/wp-content\\\/uploads\\\/2015\\\/12\\\/euro-870757_1280.jpg\",\"datePublished\":\"2015-12-30T12:48:42+00:00\",\"dateModified\":\"2021-02-17T22:36:07+00:00\",\"author\":{\"@id\":\"https:\\\/\\\/www.addlance.com\\\/blog\\\/#\\\/schema\\\/person\\\/4597034ccbb078c736b6f39a65d79650\"},\"description\":\"Cambiano le regole per chi lavora a partita IVA: dal primo gennaio 2016 va in pensione il regime dei minimi e si introduce il regime forfettario.\",\"breadcrumb\":{\"@id\":\"https:\\\/\\\/www.addlance.com\\\/blog\\\/italiano-partite-iva-regime-forfettario-dal-2016\\\/#breadcrumb\"},\"inLanguage\":\"it-IT\",\"potentialAction\":[{\"@type\":\"ReadAction\",\"target\":[\"https:\\\/\\\/www.addlance.com\\\/blog\\\/italiano-partite-iva-regime-forfettario-dal-2016\\\/\"]}]},{\"@type\":\"ImageObject\",\"inLanguage\":\"it-IT\",\"@id\":\"https:\\\/\\\/www.addlance.com\\\/blog\\\/italiano-partite-iva-regime-forfettario-dal-2016\\\/#primaryimage\",\"url\":\"https:\\\/\\\/www.addlance.com\\\/blog\\\/wp-content\\\/uploads\\\/2015\\\/12\\\/euro-870757_1280.jpg\",\"contentUrl\":\"https:\\\/\\\/www.addlance.com\\\/blog\\\/wp-content\\\/uploads\\\/2015\\\/12\\\/euro-870757_1280.jpg\",\"width\":1280,\"height\":853,\"caption\":\"tasse\"},{\"@type\":\"BreadcrumbList\",\"@id\":\"https:\\\/\\\/www.addlance.com\\\/blog\\\/italiano-partite-iva-regime-forfettario-dal-2016\\\/#breadcrumb\",\"itemListElement\":[{\"@type\":\"ListItem\",\"position\":1,\"name\":\"Home\",\"item\":\"https:\\\/\\\/www.addlance.com\\\/blog\\\/\"},{\"@type\":\"ListItem\",\"position\":2,\"name\":\"Partite IVA: Regime Forfettario dal 2016\"}]},{\"@type\":\"WebSite\",\"@id\":\"https:\\\/\\\/www.addlance.com\\\/blog\\\/#website\",\"url\":\"https:\\\/\\\/www.addlance.com\\\/blog\\\/\",\"name\":\"AddLance Blog Caf\u00e9\",\"description\":\"Trova freelance italiani online\",\"potentialAction\":[{\"@type\":\"SearchAction\",\"target\":{\"@type\":\"EntryPoint\",\"urlTemplate\":\"https:\\\/\\\/www.addlance.com\\\/blog\\\/?s={search_term_string}\"},\"query-input\":{\"@type\":\"PropertyValueSpecification\",\"valueRequired\":true,\"valueName\":\"search_term_string\"}}],\"inLanguage\":\"it-IT\"},{\"@type\":\"Person\",\"@id\":\"https:\\\/\\\/www.addlance.com\\\/blog\\\/#\\\/schema\\\/person\\\/4597034ccbb078c736b6f39a65d79650\",\"name\":\"Redazione Blog\",\"image\":{\"@type\":\"ImageObject\",\"inLanguage\":\"it-IT\",\"@id\":\"https:\\\/\\\/secure.gravatar.com\\\/avatar\\\/912260936813db8ac2dab8884a791d8374cf484b08b08e5c1f32a13d4370559c?s=96&d=mm&r=g\",\"url\":\"https:\\\/\\\/secure.gravatar.com\\\/avatar\\\/912260936813db8ac2dab8884a791d8374cf484b08b08e5c1f32a13d4370559c?s=96&d=mm&r=g\",\"contentUrl\":\"https:\\\/\\\/secure.gravatar.com\\\/avatar\\\/912260936813db8ac2dab8884a791d8374cf484b08b08e5c1f32a13d4370559c?s=96&d=mm&r=g\",\"caption\":\"Redazione Blog\"},\"url\":\"https:\\\/\\\/www.addlance.com\\\/blog\\\/author\\\/redazione-blog\\\/\"}]}<\/script>\n<!-- \/ Yoast SEO plugin. -->","yoast_head_json":{"title":"Partite IVA: regime forfettario dal 2016 | AddLance Blog Caf\u00e9","description":"Cambiano le regole per chi lavora a partita IVA: dal primo gennaio 2016 va in pensione il regime dei minimi e si introduce il regime forfettario.","robots":{"index":"index","follow":"follow","max-snippet":"max-snippet:-1","max-image-preview":"max-image-preview:large","max-video-preview":"max-video-preview:-1"},"canonical":"https:\/\/www.addlance.com\/blog\/italiano-partite-iva-regime-forfettario-dal-2016\/","og_locale":"it_IT","og_type":"article","og_title":"Partite IVA: regime forfettario dal 2016 | AddLance Blog Caf\u00e9","og_description":"Cambiano le regole per chi lavora a partita IVA: dal primo gennaio 2016 va in pensione il regime dei minimi e si introduce il regime forfettario.","og_url":"https:\/\/www.addlance.com\/blog\/italiano-partite-iva-regime-forfettario-dal-2016\/","og_site_name":"AddLance Blog Caf\u00e9","article_published_time":"2015-12-30T12:48:42+00:00","article_modified_time":"2021-02-17T22:36:07+00:00","og_image":[{"width":1280,"height":853,"url":"https:\/\/www.addlance.com\/blog\/wp-content\/uploads\/2015\/12\/euro-870757_1280.jpg","type":"image\/jpeg"}],"author":"Redazione Blog","twitter_card":"summary_large_image","twitter_misc":{"Scritto da":"Redazione Blog","Tempo di lettura stimato":"3 minuti"},"schema":{"@context":"https:\/\/schema.org","@graph":[{"@type":"Article","@id":"https:\/\/www.addlance.com\/blog\/italiano-partite-iva-regime-forfettario-dal-2016\/#article","isPartOf":{"@id":"https:\/\/www.addlance.com\/blog\/italiano-partite-iva-regime-forfettario-dal-2016\/"},"author":{"name":"Redazione Blog","@id":"https:\/\/www.addlance.com\/blog\/#\/schema\/person\/4597034ccbb078c736b6f39a65d79650"},"headline":"Partite IVA: Regime Forfettario dal 2016","datePublished":"2015-12-30T12:48:42+00:00","dateModified":"2021-02-17T22:36:07+00:00","mainEntityOfPage":{"@id":"https:\/\/www.addlance.com\/blog\/italiano-partite-iva-regime-forfettario-dal-2016\/"},"wordCount":509,"commentCount":0,"image":{"@id":"https:\/\/www.addlance.com\/blog\/italiano-partite-iva-regime-forfettario-dal-2016\/#primaryimage"},"thumbnailUrl":"https:\/\/www.addlance.com\/blog\/wp-content\/uploads\/2015\/12\/euro-870757_1280.jpg","articleSection":["Notizie"],"inLanguage":"it-IT","potentialAction":[{"@type":"CommentAction","name":"Comment","target":["https:\/\/www.addlance.com\/blog\/italiano-partite-iva-regime-forfettario-dal-2016\/#respond"]}]},{"@type":"WebPage","@id":"https:\/\/www.addlance.com\/blog\/italiano-partite-iva-regime-forfettario-dal-2016\/","url":"https:\/\/www.addlance.com\/blog\/italiano-partite-iva-regime-forfettario-dal-2016\/","name":"Partite IVA: regime forfettario dal 2016 | AddLance Blog Caf\u00e9","isPartOf":{"@id":"https:\/\/www.addlance.com\/blog\/#website"},"primaryImageOfPage":{"@id":"https:\/\/www.addlance.com\/blog\/italiano-partite-iva-regime-forfettario-dal-2016\/#primaryimage"},"image":{"@id":"https:\/\/www.addlance.com\/blog\/italiano-partite-iva-regime-forfettario-dal-2016\/#primaryimage"},"thumbnailUrl":"https:\/\/www.addlance.com\/blog\/wp-content\/uploads\/2015\/12\/euro-870757_1280.jpg","datePublished":"2015-12-30T12:48:42+00:00","dateModified":"2021-02-17T22:36:07+00:00","author":{"@id":"https:\/\/www.addlance.com\/blog\/#\/schema\/person\/4597034ccbb078c736b6f39a65d79650"},"description":"Cambiano le regole per chi lavora a partita IVA: dal primo gennaio 2016 va in pensione il regime dei minimi e si introduce il regime forfettario.","breadcrumb":{"@id":"https:\/\/www.addlance.com\/blog\/italiano-partite-iva-regime-forfettario-dal-2016\/#breadcrumb"},"inLanguage":"it-IT","potentialAction":[{"@type":"ReadAction","target":["https:\/\/www.addlance.com\/blog\/italiano-partite-iva-regime-forfettario-dal-2016\/"]}]},{"@type":"ImageObject","inLanguage":"it-IT","@id":"https:\/\/www.addlance.com\/blog\/italiano-partite-iva-regime-forfettario-dal-2016\/#primaryimage","url":"https:\/\/www.addlance.com\/blog\/wp-content\/uploads\/2015\/12\/euro-870757_1280.jpg","contentUrl":"https:\/\/www.addlance.com\/blog\/wp-content\/uploads\/2015\/12\/euro-870757_1280.jpg","width":1280,"height":853,"caption":"tasse"},{"@type":"BreadcrumbList","@id":"https:\/\/www.addlance.com\/blog\/italiano-partite-iva-regime-forfettario-dal-2016\/#breadcrumb","itemListElement":[{"@type":"ListItem","position":1,"name":"Home","item":"https:\/\/www.addlance.com\/blog\/"},{"@type":"ListItem","position":2,"name":"Partite IVA: Regime Forfettario dal 2016"}]},{"@type":"WebSite","@id":"https:\/\/www.addlance.com\/blog\/#website","url":"https:\/\/www.addlance.com\/blog\/","name":"AddLance Blog Caf\u00e9","description":"Trova freelance italiani online","potentialAction":[{"@type":"SearchAction","target":{"@type":"EntryPoint","urlTemplate":"https:\/\/www.addlance.com\/blog\/?s={search_term_string}"},"query-input":{"@type":"PropertyValueSpecification","valueRequired":true,"valueName":"search_term_string"}}],"inLanguage":"it-IT"},{"@type":"Person","@id":"https:\/\/www.addlance.com\/blog\/#\/schema\/person\/4597034ccbb078c736b6f39a65d79650","name":"Redazione Blog","image":{"@type":"ImageObject","inLanguage":"it-IT","@id":"https:\/\/secure.gravatar.com\/avatar\/912260936813db8ac2dab8884a791d8374cf484b08b08e5c1f32a13d4370559c?s=96&d=mm&r=g","url":"https:\/\/secure.gravatar.com\/avatar\/912260936813db8ac2dab8884a791d8374cf484b08b08e5c1f32a13d4370559c?s=96&d=mm&r=g","contentUrl":"https:\/\/secure.gravatar.com\/avatar\/912260936813db8ac2dab8884a791d8374cf484b08b08e5c1f32a13d4370559c?s=96&d=mm&r=g","caption":"Redazione Blog"},"url":"https:\/\/www.addlance.com\/blog\/author\/redazione-blog\/"}]}},"_links":{"self":[{"href":"https:\/\/www.addlance.com\/blog\/wp-json\/wp\/v2\/posts\/1102","targetHints":{"allow":["GET"]}}],"collection":[{"href":"https:\/\/www.addlance.com\/blog\/wp-json\/wp\/v2\/posts"}],"about":[{"href":"https:\/\/www.addlance.com\/blog\/wp-json\/wp\/v2\/types\/post"}],"author":[{"embeddable":true,"href":"https:\/\/www.addlance.com\/blog\/wp-json\/wp\/v2\/users\/13"}],"replies":[{"embeddable":true,"href":"https:\/\/www.addlance.com\/blog\/wp-json\/wp\/v2\/comments?post=1102"}],"version-history":[{"count":1,"href":"https:\/\/www.addlance.com\/blog\/wp-json\/wp\/v2\/posts\/1102\/revisions"}],"predecessor-version":[{"id":10507,"href":"https:\/\/www.addlance.com\/blog\/wp-json\/wp\/v2\/posts\/1102\/revisions\/10507"}],"wp:featuredmedia":[{"embeddable":true,"href":"https:\/\/www.addlance.com\/blog\/wp-json\/wp\/v2\/media\/1103"}],"wp:attachment":[{"href":"https:\/\/www.addlance.com\/blog\/wp-json\/wp\/v2\/media?parent=1102"}],"wp:term":[{"taxonomy":"category","embeddable":true,"href":"https:\/\/www.addlance.com\/blog\/wp-json\/wp\/v2\/categories?post=1102"},{"taxonomy":"post_tag","embeddable":true,"href":"https:\/\/www.addlance.com\/blog\/wp-json\/wp\/v2\/tags?post=1102"}],"curies":[{"name":"wp","href":"https:\/\/api.w.org\/{rel}","templated":true}]}}