{"id":506,"date":"2015-03-28T17:51:06","date_gmt":"2015-03-28T16:51:06","guid":{"rendered":"https:\/\/www.addlance.com\/blog\/?p=506"},"modified":"2021-02-17T23:36:07","modified_gmt":"2021-02-17T22:36:07","slug":"regime-dei-minimi-il-sospirato-contrordine-e-arrivato","status":"publish","type":"post","link":"https:\/\/www.addlance.com\/blog\/regime-dei-minimi-il-sospirato-contrordine-e-arrivato\/","title":{"rendered":"Regime dei Minimi: il Sospirato Contrordine \u00e8 Arrivato"},"content":{"rendered":"<p><img loading=\"lazy\" decoding=\"async\" class=\"size-medium wp-image-10511 alignright\" src=\"https:\/\/www.addlance.com\/blog\/wp-content\/uploads\/2015\/03\/regime-dei-minimi-partita-iva-300x200.jpg\" alt=\"regime dei minimi partita iva\" width=\"300\" height=\"200\" srcset=\"https:\/\/www.addlance.com\/blog\/wp-content\/uploads\/2015\/03\/regime-dei-minimi-partita-iva-300x200.jpg 300w, https:\/\/www.addlance.com\/blog\/wp-content\/uploads\/2015\/03\/regime-dei-minimi-partita-iva-1024x683.jpg 1024w, https:\/\/www.addlance.com\/blog\/wp-content\/uploads\/2015\/03\/regime-dei-minimi-partita-iva-768x512.jpg 768w, https:\/\/www.addlance.com\/blog\/wp-content\/uploads\/2015\/03\/regime-dei-minimi-partita-iva-1536x1024.jpg 1536w, https:\/\/www.addlance.com\/blog\/wp-content\/uploads\/2015\/03\/regime-dei-minimi-partita-iva-610x407.jpg 610w, https:\/\/www.addlance.com\/blog\/wp-content\/uploads\/2015\/03\/regime-dei-minimi-partita-iva-1080x720.jpg 1080w, https:\/\/www.addlance.com\/blog\/wp-content\/uploads\/2015\/03\/regime-dei-minimi-partita-iva.jpg 1920w\" sizes=\"(max-width: 300px) 100vw, 300px\" \/><\/p>\n<p>Finalmente le voci di corridoio si sono concretizzate nella marcia indietro del governo sul regime dei minimi: PER TUTTO IL 2015 LE NUOVE POSIZIONI APERTE AVRANNO LA POSSIBILITA\u2019 DI ACCEDERE AL REGIME 2014.<\/p>\n<p>Come \u00e8 noto da gennaio il governo aveva inaugurato, nella legge di stabilit\u00e0, condizioni molto pi\u00f9 penalizzanti per chi avesse deciso di aprire una partita IVA, tanto che a fine 2014 si era verificato un vero e proprio boom di nuove partite IVA.<br \/>\nNella seconda met\u00e0 di febbraio il Consiglio dei ministri ha rimediato a quello che Matteo Renzi ha definito il \u201cpi\u00f9 clamoroso autogol\u201d del Governo, ovvero una vera e propria stangata contributiva ai danni delle partite IVA che anno i requisiti per operare nel regime dei contribuenti minimi.<br \/>\nIl parametri fondamentali per questo tipo di regime semplificato sono il fatturato massimo annuale e la tassazione % applicata sul tale fatturato. Il tetto di fatturato viene calcolato settore per settore mediante coefficienti di redditivit\u00e0 ovvero varia da categoria a categoria.<!--more--><br \/>\nL\u2019 aliquota di tassazione sul fatturato stesso \u00e8 del 5% nel vecchio regime entrato in vigore nel 2014, con un tetto di fatturato di al massimo di 30000 euro. La riforma annunciata a gennaio avrebbe portato tale aliquota al 15% e dimezzato il tetto di fatturato a un massimo di 15000 euro, salvo poi , come si \u00e8 detto, la retromarcia del governo che potrebbe lasciare una certa flessibilit\u00e0 al professionista ovvero la facolt\u00e0 di rimanere nel vecchio regime 2014 anche per le partite iva aperte nel 2015, oppure mantenere il vecchio regime per tutto il 2015.<br \/>\nIn buona sostanza quindi si rimanda il problema di un anno, pare che non ci siano coperture finanziarie per mantenere il vecchio regime.<br \/>\nDa notare che in taluni casi con il \u201cnuovo regime\u201d la maggiore tassazione supererebbe i vantaggi della semplificazione fiscale ed organizzativa che il regime dei minimi comporta (no versamento iva, contabilit\u00e0 semplificata etc)*<br \/>\nUn possibile compromesso aumentare la tassazione al 15% senza limiti temporali e mantenendo invariata anche la soglia di ricavi. In sintesi al questione, almento per il 2016 e gli anni successivi \u00e8 ancora decisamente aperta.<\/p>\n<p>* Esempio:<br \/>\nPer esempio consideriamo un professionista tecnico<\/p>\n<p>Con il nuovo regime dei minimi delineato nella Legge di Stabilit\u00e0 2015 \u201ca parit\u00e0 di reddito i professionisti under 40 passeranno da un\u2019aliquota media del 5% ad una del 22,48% per l\u2019area tecnica\u201d (Confprofessioni). I redditi dei professionisti under 40 si attestano su livelli compatibili con l\u2019attuale regime dei minimi (30.000 euro) ma ben al di sopra dei limiti previsti dal nuovo regime (15.000 euro).<br \/>\nSu un reddito medio ipotizzato di 18.000 euro, se nel 2014 si pagavano di Irpef\/sostituto d\u2019imposta 900 euro, con il nuovo regime dei minimi nel 2015 si arriver\u00e0 a pagare pi\u00f9 di 4.000 euro: l\u2019aggravio \u00e8 appunto di circa 3.000 euro.<br \/>\nQuesto vuol dire che se prima un giovane professionsita aveva nel 2014 uno stipendio medio mensile di 1.400 euro, nel 2015 il suo stipendio sar\u00e0 inferiore a 1.200 euro.<br \/>\nIl nuovo Regime dei minimi, quindi, non farebbe che peggiorare una situazione gi\u00e0 grave.<\/p>\n","protected":false},"excerpt":{"rendered":"<p>Finalmente le voci di corridoio si sono concretizzate nella marcia indietro del governo sul regime dei minimi: PER TUTTO IL 2015 LE NUOVE POSIZIONI APERTE AVRANNO LA POSSIBILITA\u2019 DI ACCEDERE AL REGIME 2014. Come \u00e8 noto da gennaio il governo aveva inaugurato, nella legge di stabilit\u00e0, condizioni molto pi\u00f9 penalizzanti per chi avesse deciso di [&hellip;]<\/p>\n","protected":false},"author":13,"featured_media":508,"comment_status":"open","ping_status":"open","sticky":false,"template":"","format":"standard","meta":{"_et_pb_use_builder":"","_et_pb_old_content":"","_et_gb_content_width":"","footnotes":""},"categories":[11],"tags":[],"class_list":["post-506","post","type-post","status-publish","format-standard","has-post-thumbnail","hentry","category-notizie"],"yoast_head":"<!-- This site is optimized with the Yoast SEO plugin v27.3 - https:\/\/yoast.com\/product\/yoast-seo-wordpress\/ -->\n<title>Regime dei minimi: contro ordine | AddLance Blog Caf\u00e9<\/title>\n<meta name=\"description\" content=\"Cambiamenti sull&#039;iter legislativo sui regimi dei minimi\" \/>\n<meta name=\"robots\" content=\"index, follow, max-snippet:-1, max-image-preview:large, max-video-preview:-1\" \/>\n<link rel=\"canonical\" href=\"https:\/\/www.addlance.com\/blog\/regime-dei-minimi-il-sospirato-contrordine-e-arrivato\/\" \/>\n<meta property=\"og:locale\" content=\"it_IT\" \/>\n<meta property=\"og:type\" content=\"article\" \/>\n<meta property=\"og:title\" content=\"Regime dei minimi: contro ordine | AddLance Blog Caf\u00e9\" \/>\n<meta property=\"og:description\" content=\"Cambiamenti sull&#039;iter legislativo sui regimi dei minimi\" \/>\n<meta property=\"og:url\" content=\"https:\/\/www.addlance.com\/blog\/regime-dei-minimi-il-sospirato-contrordine-e-arrivato\/\" \/>\n<meta property=\"og:site_name\" content=\"AddLance Blog Caf\u00e9\" \/>\n<meta property=\"article:published_time\" content=\"2015-03-28T16:51:06+00:00\" \/>\n<meta property=\"article:modified_time\" content=\"2021-02-17T22:36:07+00:00\" \/>\n<meta property=\"og:image\" content=\"https:\/\/www.addlance.com\/blog\/wp-content\/uploads\/2015\/03\/startup-593335-Copia.png\" \/>\n\t<meta property=\"og:image:width\" content=\"548\" \/>\n\t<meta property=\"og:image:height\" content=\"365\" \/>\n\t<meta property=\"og:image:type\" content=\"image\/png\" \/>\n<meta name=\"author\" content=\"Redazione Blog\" \/>\n<meta name=\"twitter:card\" content=\"summary_large_image\" \/>\n<meta name=\"twitter:label1\" content=\"Scritto da\" \/>\n\t<meta name=\"twitter:data1\" content=\"Redazione Blog\" \/>\n\t<meta name=\"twitter:label2\" content=\"Tempo di lettura stimato\" \/>\n\t<meta name=\"twitter:data2\" content=\"2 minuti\" \/>\n<script type=\"application\/ld+json\" class=\"yoast-schema-graph\">{\"@context\":\"https:\\\/\\\/schema.org\",\"@graph\":[{\"@type\":\"Article\",\"@id\":\"https:\\\/\\\/www.addlance.com\\\/blog\\\/regime-dei-minimi-il-sospirato-contrordine-e-arrivato\\\/#article\",\"isPartOf\":{\"@id\":\"https:\\\/\\\/www.addlance.com\\\/blog\\\/regime-dei-minimi-il-sospirato-contrordine-e-arrivato\\\/\"},\"author\":{\"name\":\"Redazione Blog\",\"@id\":\"https:\\\/\\\/www.addlance.com\\\/blog\\\/#\\\/schema\\\/person\\\/4597034ccbb078c736b6f39a65d79650\"},\"headline\":\"Regime dei Minimi: il Sospirato Contrordine \u00e8 Arrivato\",\"datePublished\":\"2015-03-28T16:51:06+00:00\",\"dateModified\":\"2021-02-17T22:36:07+00:00\",\"mainEntityOfPage\":{\"@id\":\"https:\\\/\\\/www.addlance.com\\\/blog\\\/regime-dei-minimi-il-sospirato-contrordine-e-arrivato\\\/\"},\"wordCount\":484,\"commentCount\":0,\"image\":{\"@id\":\"https:\\\/\\\/www.addlance.com\\\/blog\\\/regime-dei-minimi-il-sospirato-contrordine-e-arrivato\\\/#primaryimage\"},\"thumbnailUrl\":\"https:\\\/\\\/www.addlance.com\\\/blog\\\/wp-content\\\/uploads\\\/2015\\\/03\\\/startup-593335-Copia.png\",\"articleSection\":[\"Notizie\"],\"inLanguage\":\"it-IT\",\"potentialAction\":[{\"@type\":\"CommentAction\",\"name\":\"Comment\",\"target\":[\"https:\\\/\\\/www.addlance.com\\\/blog\\\/regime-dei-minimi-il-sospirato-contrordine-e-arrivato\\\/#respond\"]}]},{\"@type\":\"WebPage\",\"@id\":\"https:\\\/\\\/www.addlance.com\\\/blog\\\/regime-dei-minimi-il-sospirato-contrordine-e-arrivato\\\/\",\"url\":\"https:\\\/\\\/www.addlance.com\\\/blog\\\/regime-dei-minimi-il-sospirato-contrordine-e-arrivato\\\/\",\"name\":\"Regime dei minimi: contro ordine | AddLance Blog Caf\u00e9\",\"isPartOf\":{\"@id\":\"https:\\\/\\\/www.addlance.com\\\/blog\\\/#website\"},\"primaryImageOfPage\":{\"@id\":\"https:\\\/\\\/www.addlance.com\\\/blog\\\/regime-dei-minimi-il-sospirato-contrordine-e-arrivato\\\/#primaryimage\"},\"image\":{\"@id\":\"https:\\\/\\\/www.addlance.com\\\/blog\\\/regime-dei-minimi-il-sospirato-contrordine-e-arrivato\\\/#primaryimage\"},\"thumbnailUrl\":\"https:\\\/\\\/www.addlance.com\\\/blog\\\/wp-content\\\/uploads\\\/2015\\\/03\\\/startup-593335-Copia.png\",\"datePublished\":\"2015-03-28T16:51:06+00:00\",\"dateModified\":\"2021-02-17T22:36:07+00:00\",\"author\":{\"@id\":\"https:\\\/\\\/www.addlance.com\\\/blog\\\/#\\\/schema\\\/person\\\/4597034ccbb078c736b6f39a65d79650\"},\"description\":\"Cambiamenti sull'iter legislativo sui regimi dei minimi\",\"breadcrumb\":{\"@id\":\"https:\\\/\\\/www.addlance.com\\\/blog\\\/regime-dei-minimi-il-sospirato-contrordine-e-arrivato\\\/#breadcrumb\"},\"inLanguage\":\"it-IT\",\"potentialAction\":[{\"@type\":\"ReadAction\",\"target\":[\"https:\\\/\\\/www.addlance.com\\\/blog\\\/regime-dei-minimi-il-sospirato-contrordine-e-arrivato\\\/\"]}]},{\"@type\":\"ImageObject\",\"inLanguage\":\"it-IT\",\"@id\":\"https:\\\/\\\/www.addlance.com\\\/blog\\\/regime-dei-minimi-il-sospirato-contrordine-e-arrivato\\\/#primaryimage\",\"url\":\"https:\\\/\\\/www.addlance.com\\\/blog\\\/wp-content\\\/uploads\\\/2015\\\/03\\\/startup-593335-Copia.png\",\"contentUrl\":\"https:\\\/\\\/www.addlance.com\\\/blog\\\/wp-content\\\/uploads\\\/2015\\\/03\\\/startup-593335-Copia.png\",\"width\":548,\"height\":365,\"caption\":\"p.iva\"},{\"@type\":\"BreadcrumbList\",\"@id\":\"https:\\\/\\\/www.addlance.com\\\/blog\\\/regime-dei-minimi-il-sospirato-contrordine-e-arrivato\\\/#breadcrumb\",\"itemListElement\":[{\"@type\":\"ListItem\",\"position\":1,\"name\":\"Home\",\"item\":\"https:\\\/\\\/www.addlance.com\\\/blog\\\/\"},{\"@type\":\"ListItem\",\"position\":2,\"name\":\"Regime dei Minimi: il Sospirato Contrordine \u00e8 Arrivato\"}]},{\"@type\":\"WebSite\",\"@id\":\"https:\\\/\\\/www.addlance.com\\\/blog\\\/#website\",\"url\":\"https:\\\/\\\/www.addlance.com\\\/blog\\\/\",\"name\":\"AddLance Blog Caf\u00e9\",\"description\":\"Trova freelance italiani online\",\"potentialAction\":[{\"@type\":\"SearchAction\",\"target\":{\"@type\":\"EntryPoint\",\"urlTemplate\":\"https:\\\/\\\/www.addlance.com\\\/blog\\\/?s={search_term_string}\"},\"query-input\":{\"@type\":\"PropertyValueSpecification\",\"valueRequired\":true,\"valueName\":\"search_term_string\"}}],\"inLanguage\":\"it-IT\"},{\"@type\":\"Person\",\"@id\":\"https:\\\/\\\/www.addlance.com\\\/blog\\\/#\\\/schema\\\/person\\\/4597034ccbb078c736b6f39a65d79650\",\"name\":\"Redazione Blog\",\"image\":{\"@type\":\"ImageObject\",\"inLanguage\":\"it-IT\",\"@id\":\"https:\\\/\\\/secure.gravatar.com\\\/avatar\\\/912260936813db8ac2dab8884a791d8374cf484b08b08e5c1f32a13d4370559c?s=96&d=mm&r=g\",\"url\":\"https:\\\/\\\/secure.gravatar.com\\\/avatar\\\/912260936813db8ac2dab8884a791d8374cf484b08b08e5c1f32a13d4370559c?s=96&d=mm&r=g\",\"contentUrl\":\"https:\\\/\\\/secure.gravatar.com\\\/avatar\\\/912260936813db8ac2dab8884a791d8374cf484b08b08e5c1f32a13d4370559c?s=96&d=mm&r=g\",\"caption\":\"Redazione Blog\"},\"url\":\"https:\\\/\\\/www.addlance.com\\\/blog\\\/author\\\/redazione-blog\\\/\"}]}<\/script>\n<!-- \/ Yoast SEO plugin. -->","yoast_head_json":{"title":"Regime dei minimi: contro ordine | AddLance Blog Caf\u00e9","description":"Cambiamenti sull'iter legislativo sui regimi dei minimi","robots":{"index":"index","follow":"follow","max-snippet":"max-snippet:-1","max-image-preview":"max-image-preview:large","max-video-preview":"max-video-preview:-1"},"canonical":"https:\/\/www.addlance.com\/blog\/regime-dei-minimi-il-sospirato-contrordine-e-arrivato\/","og_locale":"it_IT","og_type":"article","og_title":"Regime dei minimi: contro ordine | AddLance Blog Caf\u00e9","og_description":"Cambiamenti sull'iter legislativo sui regimi dei minimi","og_url":"https:\/\/www.addlance.com\/blog\/regime-dei-minimi-il-sospirato-contrordine-e-arrivato\/","og_site_name":"AddLance Blog Caf\u00e9","article_published_time":"2015-03-28T16:51:06+00:00","article_modified_time":"2021-02-17T22:36:07+00:00","og_image":[{"width":548,"height":365,"url":"https:\/\/www.addlance.com\/blog\/wp-content\/uploads\/2015\/03\/startup-593335-Copia.png","type":"image\/png"}],"author":"Redazione Blog","twitter_card":"summary_large_image","twitter_misc":{"Scritto da":"Redazione Blog","Tempo di lettura stimato":"2 minuti"},"schema":{"@context":"https:\/\/schema.org","@graph":[{"@type":"Article","@id":"https:\/\/www.addlance.com\/blog\/regime-dei-minimi-il-sospirato-contrordine-e-arrivato\/#article","isPartOf":{"@id":"https:\/\/www.addlance.com\/blog\/regime-dei-minimi-il-sospirato-contrordine-e-arrivato\/"},"author":{"name":"Redazione Blog","@id":"https:\/\/www.addlance.com\/blog\/#\/schema\/person\/4597034ccbb078c736b6f39a65d79650"},"headline":"Regime dei Minimi: il Sospirato Contrordine \u00e8 Arrivato","datePublished":"2015-03-28T16:51:06+00:00","dateModified":"2021-02-17T22:36:07+00:00","mainEntityOfPage":{"@id":"https:\/\/www.addlance.com\/blog\/regime-dei-minimi-il-sospirato-contrordine-e-arrivato\/"},"wordCount":484,"commentCount":0,"image":{"@id":"https:\/\/www.addlance.com\/blog\/regime-dei-minimi-il-sospirato-contrordine-e-arrivato\/#primaryimage"},"thumbnailUrl":"https:\/\/www.addlance.com\/blog\/wp-content\/uploads\/2015\/03\/startup-593335-Copia.png","articleSection":["Notizie"],"inLanguage":"it-IT","potentialAction":[{"@type":"CommentAction","name":"Comment","target":["https:\/\/www.addlance.com\/blog\/regime-dei-minimi-il-sospirato-contrordine-e-arrivato\/#respond"]}]},{"@type":"WebPage","@id":"https:\/\/www.addlance.com\/blog\/regime-dei-minimi-il-sospirato-contrordine-e-arrivato\/","url":"https:\/\/www.addlance.com\/blog\/regime-dei-minimi-il-sospirato-contrordine-e-arrivato\/","name":"Regime dei minimi: contro ordine | AddLance Blog Caf\u00e9","isPartOf":{"@id":"https:\/\/www.addlance.com\/blog\/#website"},"primaryImageOfPage":{"@id":"https:\/\/www.addlance.com\/blog\/regime-dei-minimi-il-sospirato-contrordine-e-arrivato\/#primaryimage"},"image":{"@id":"https:\/\/www.addlance.com\/blog\/regime-dei-minimi-il-sospirato-contrordine-e-arrivato\/#primaryimage"},"thumbnailUrl":"https:\/\/www.addlance.com\/blog\/wp-content\/uploads\/2015\/03\/startup-593335-Copia.png","datePublished":"2015-03-28T16:51:06+00:00","dateModified":"2021-02-17T22:36:07+00:00","author":{"@id":"https:\/\/www.addlance.com\/blog\/#\/schema\/person\/4597034ccbb078c736b6f39a65d79650"},"description":"Cambiamenti sull'iter legislativo sui regimi dei minimi","breadcrumb":{"@id":"https:\/\/www.addlance.com\/blog\/regime-dei-minimi-il-sospirato-contrordine-e-arrivato\/#breadcrumb"},"inLanguage":"it-IT","potentialAction":[{"@type":"ReadAction","target":["https:\/\/www.addlance.com\/blog\/regime-dei-minimi-il-sospirato-contrordine-e-arrivato\/"]}]},{"@type":"ImageObject","inLanguage":"it-IT","@id":"https:\/\/www.addlance.com\/blog\/regime-dei-minimi-il-sospirato-contrordine-e-arrivato\/#primaryimage","url":"https:\/\/www.addlance.com\/blog\/wp-content\/uploads\/2015\/03\/startup-593335-Copia.png","contentUrl":"https:\/\/www.addlance.com\/blog\/wp-content\/uploads\/2015\/03\/startup-593335-Copia.png","width":548,"height":365,"caption":"p.iva"},{"@type":"BreadcrumbList","@id":"https:\/\/www.addlance.com\/blog\/regime-dei-minimi-il-sospirato-contrordine-e-arrivato\/#breadcrumb","itemListElement":[{"@type":"ListItem","position":1,"name":"Home","item":"https:\/\/www.addlance.com\/blog\/"},{"@type":"ListItem","position":2,"name":"Regime dei Minimi: il Sospirato Contrordine \u00e8 Arrivato"}]},{"@type":"WebSite","@id":"https:\/\/www.addlance.com\/blog\/#website","url":"https:\/\/www.addlance.com\/blog\/","name":"AddLance Blog Caf\u00e9","description":"Trova freelance italiani online","potentialAction":[{"@type":"SearchAction","target":{"@type":"EntryPoint","urlTemplate":"https:\/\/www.addlance.com\/blog\/?s={search_term_string}"},"query-input":{"@type":"PropertyValueSpecification","valueRequired":true,"valueName":"search_term_string"}}],"inLanguage":"it-IT"},{"@type":"Person","@id":"https:\/\/www.addlance.com\/blog\/#\/schema\/person\/4597034ccbb078c736b6f39a65d79650","name":"Redazione Blog","image":{"@type":"ImageObject","inLanguage":"it-IT","@id":"https:\/\/secure.gravatar.com\/avatar\/912260936813db8ac2dab8884a791d8374cf484b08b08e5c1f32a13d4370559c?s=96&d=mm&r=g","url":"https:\/\/secure.gravatar.com\/avatar\/912260936813db8ac2dab8884a791d8374cf484b08b08e5c1f32a13d4370559c?s=96&d=mm&r=g","contentUrl":"https:\/\/secure.gravatar.com\/avatar\/912260936813db8ac2dab8884a791d8374cf484b08b08e5c1f32a13d4370559c?s=96&d=mm&r=g","caption":"Redazione Blog"},"url":"https:\/\/www.addlance.com\/blog\/author\/redazione-blog\/"}]}},"_links":{"self":[{"href":"https:\/\/www.addlance.com\/blog\/wp-json\/wp\/v2\/posts\/506","targetHints":{"allow":["GET"]}}],"collection":[{"href":"https:\/\/www.addlance.com\/blog\/wp-json\/wp\/v2\/posts"}],"about":[{"href":"https:\/\/www.addlance.com\/blog\/wp-json\/wp\/v2\/types\/post"}],"author":[{"embeddable":true,"href":"https:\/\/www.addlance.com\/blog\/wp-json\/wp\/v2\/users\/13"}],"replies":[{"embeddable":true,"href":"https:\/\/www.addlance.com\/blog\/wp-json\/wp\/v2\/comments?post=506"}],"version-history":[{"count":1,"href":"https:\/\/www.addlance.com\/blog\/wp-json\/wp\/v2\/posts\/506\/revisions"}],"predecessor-version":[{"id":10512,"href":"https:\/\/www.addlance.com\/blog\/wp-json\/wp\/v2\/posts\/506\/revisions\/10512"}],"wp:featuredmedia":[{"embeddable":true,"href":"https:\/\/www.addlance.com\/blog\/wp-json\/wp\/v2\/media\/508"}],"wp:attachment":[{"href":"https:\/\/www.addlance.com\/blog\/wp-json\/wp\/v2\/media?parent=506"}],"wp:term":[{"taxonomy":"category","embeddable":true,"href":"https:\/\/www.addlance.com\/blog\/wp-json\/wp\/v2\/categories?post=506"},{"taxonomy":"post_tag","embeddable":true,"href":"https:\/\/www.addlance.com\/blog\/wp-json\/wp\/v2\/tags?post=506"}],"curies":[{"name":"wp","href":"https:\/\/api.w.org\/{rel}","templated":true}]}}